{"id":19675,"date":"2025-06-27T13:07:12","date_gmt":"2025-06-27T11:07:12","guid":{"rendered":"https:\/\/nele-stroebel.de\/?p=19675"},"modified":"2026-04-29T15:24:31","modified_gmt":"2026-04-29T13:24:31","slug":"salon-du-livre-et-exposition-de-vitrines","status":"publish","type":"post","link":"https:\/\/nele-stroebel.de\/fr\/salon-du-livre-et-exposition-de-vitrines\/","title":{"rendered":"nomad II Exposition leporello sur Kultour"},"content":{"rendered":"\t\t<div data-elementor-type=\"wp-post\" data-elementor-id=\"19675\" class=\"elementor elementor-19675 elementor-19672\">\n\t\t\t\t\t\t<section class=\"elementor-section elementor-top-section elementor-element elementor-element-156ac16a elementor-section-boxed elementor-section-height-default elementor-section-height-default\" data-id=\"156ac16a\" data-element_type=\"section\" data-e-type=\"section\">\n\t\t\t\t\t\t<div class=\"elementor-container elementor-column-gap-default\">\n\t\t\t\t\t<div class=\"elementor-column elementor-col-100 elementor-top-column elementor-element elementor-element-4106d1bf\" data-id=\"4106d1bf\" data-element_type=\"column\" data-e-type=\"column\">\n\t\t\t<div class=\"elementor-widget-wrap elementor-element-populated\">\n\t\t\t\t\t\t<div class=\"elementor-element elementor-element-a37cd89 elementor-widget elementor-widget-elementskit-simple-tab\" data-id=\"a37cd89\" data-element_type=\"widget\" data-e-type=\"widget\" data-widget_type=\"elementskit-simple-tab.default\">\n\t\t\t\t<div class=\"elementor-widget-container\">\n\t\t\t\t\t<div class=\"ekit-wid-con\" >        <div class=\"elementkit-tab-wraper   elementskit-fitcontent-tab \">\n            <ul class=\"nav nav-tabs elementkit-tab-nav \">\n                                    <li class=\"elementkit-nav-item elementor-repeater-item-065cc65\">\n                        <a class=\"elementkit-nav-link  active show left-pos\" id=\"content-065cc6569f5d0ea51616-tab\" data-ekit-handler-id=\"images-\" data-ekit-toggle=\"tab\" data-target=\"#content-065cc6569f5d0ea51616\" href=\"#Content-065cc6569f5d0ea51616\"\n                            data-ekit-toggle-trigger=\"click\"\n                            aria-describedby=\"Content-065cc6569f5d0ea51616\">\n                            <span class=\"elementskit-tab-icon\"><i class=\"fas fa-images\"><\/i><\/span>                            <span class=\"elementskit-tab-title\">Images  <\/span>\n                        <\/a>\n                    <\/li>\n                                        <li class=\"elementkit-nav-item elementor-repeater-item-24d0e90\">\n                        <a class=\"elementkit-nav-link  left-pos\" id=\"content-24d0e9069f5d0ea51616-tab\" data-ekit-handler-id=\"texte\" data-ekit-toggle=\"tab\" data-target=\"#content-24d0e9069f5d0ea51616\" href=\"#Content-24d0e9069f5d0ea51616\"\n                            data-ekit-toggle-trigger=\"click\"\n                            aria-describedby=\"Content-24d0e9069f5d0ea51616\">\n                            <span class=\"elementskit-tab-icon\"><i class=\"fas fa-images\"><\/i><\/span>                            <span class=\"elementskit-tab-title\">Texte<\/span>\n                        <\/a>\n                    <\/li>\n                                <\/ul>\n\n            <div class=\"tab-content elementkit-tab-content\">\n                                    <div class=\"tab-pane elementkit-tab-pane elementor-repeater-item-065cc65  active show\" id=\"content-065cc6569f5d0ea51616\" role=\"tabpanel\"\n                         aria-labelledby=\"content-065cc6569f5d0ea51616-tab\">\n                        <div class=\"animated fadeIn\">\n                            <p><img fetchpriority=\"high\" decoding=\"async\" class=\"alignnone size-full wp-image-19689\" src=\"https:\/\/nele-stroebel.de\/wp-content\/uploads\/2025\/06\/nomad-II-lepo-vorderseite.jpg\" alt=\"\" width=\"17940\" height=\"3330\">         <img decoding=\"async\" class=\"alignnone size-full wp-image-19685\" src=\"https:\/\/nele-stroebel.de\/wp-content\/uploads\/2025\/06\/nomad-II-lepo-rueckseite.jpg\" alt=\"\" width=\"17940\" height=\"3330\"><\/p>\n<p><img decoding=\"async\" class=\"alignnone size-medium wp-image-19700\" src=\"https:\/\/nele-stroebel.de\/wp-content\/uploads\/2025\/06\/die-Kuenstlerinnen-300x87.jpg\" alt=\"\" width=\"300\" height=\"87\" srcset=\"https:\/\/nele-stroebel.de\/wp-content\/uploads\/2025\/06\/die-Kuenstlerinnen-300x87.jpg 300w, https:\/\/nele-stroebel.de\/wp-content\/uploads\/2025\/06\/die-Kuenstlerinnen.jpg 460w\" sizes=\"(max-width: 300px) 100vw, 300px\" \/><a href=\"https:\/\/suedwestpassage.com\/kultour_2025\"><img loading=\"lazy\" decoding=\"async\" class=\"alignnone size-medium wp-image-19707\" src=\"https:\/\/nele-stroebel.de\/wp-content\/uploads\/2025\/07\/suedwestpassagekultour-25-300x187.jpg\" alt=\"\" width=\"300\" height=\"187\" srcset=\"https:\/\/nele-stroebel.de\/wp-content\/uploads\/2025\/07\/suedwestpassagekultour-25-300x187.jpg 300w, https:\/\/nele-stroebel.de\/wp-content\/uploads\/2025\/07\/suedwestpassagekultour-25-1024x638.jpg 1024w, https:\/\/nele-stroebel.de\/wp-content\/uploads\/2025\/07\/suedwestpassagekultour-25-768x478.jpg 768w, https:\/\/nele-stroebel.de\/wp-content\/uploads\/2025\/07\/suedwestpassagekultour-25-750x465.jpg 750w, https:\/\/nele-stroebel.de\/wp-content\/uploads\/2025\/07\/suedwestpassagekultour-25.jpg 1286w\" sizes=\"(max-width: 300px) 100vw, 300px\" \/><\/a><\/p>\n                        <\/div>\n                    <\/div>\n                                    <div class=\"tab-pane elementkit-tab-pane elementor-repeater-item-24d0e90 \" id=\"content-24d0e9069f5d0ea51616\" role=\"tabpanel\"\n                         aria-labelledby=\"content-24d0e9069f5d0ea51616-tab\">\n                        <div class=\"animated fadeIn\">\n                            <p>Pr\u00e9sentation de leporello communautaire Nomad II de Nele Str\u00f6bel avec :<\/p>\n<p><strong>Claudia Busching, Yoko Hata \/ GUP-py, Birgit Luxenburger, Katja von Puttkamer, Eva Raiser-Johanson, Sybille Rath, Katrin Str\u00f6bel, Nele Str\u00f6bel, Pomona Zipser<\/strong><\/p>\n<p>Dans le cadre de <a href=\"https:\/\/suedwestpassage.com\/kultour_2025\">KULTOUR 2025<\/a><strong> <\/strong><\/p>\n<p><strong>&#8211; Sa. 11.10 (15:00 \u00e0 21:00)<\/strong><\/p>\n<p><strong>&#8211; dim. 12.10 (13:00 \u00e0 19:00) <\/strong><\/p>\n<\/p>\n<p>dans l&rsquo;atelier<\/p>\n<p>Holsteinische Str. 18 \u00e0 12161 Berlin<\/p>\n<p>U 9 Walther-Schreiber-Platz.<\/p>\n<p>S 1 Feuerbachstrasse<\/p>\n<p>Contact:0172.8535846<\/p>\n<p>Expos\u00e9 de mon projet de leporello \u00e0 l&rsquo;occasion de ma candidature pour une bourse d&rsquo;\u00e9tudes en 2022<\/p>\n<p>Nouveau d\u00e9part 2 \u00e0 la fondation Kunstfond :<\/p>\n<p>Dans \u00ab\u00a0nomad II\u00a0\u00bb, je souhaite me pencher sur la d\u00e9mat\u00e9rialisation des arts visuels \u00e0 l&rsquo;\u00e9poque de Corona. A la recherche de la \u00ab\u00a0ville comme atelier\u00a0\u00bb au sens de Vil\u00e9m Flusser, je souhaite rendre visite \u00e0 des coll\u00e8gues dans leurs espaces de travail dans diff\u00e9rents L\u00e4nder et \u00e9changer des outils plastiques dans l&rsquo;esprit d&rsquo;Andr\u00e9 L\u00e9roi-Gourhan (Main et Parole) et de Bernhard Waldenfels. Penser avec les mains constitue une part importante du travail dans l&rsquo;atelier. Dans mon travail artistique, je m&rsquo;int\u00e9resse depuis longtemps \u00e0 l&rsquo;inspiration \u00e0 partir d&rsquo;objets r\u00e9els comme les outils. Il s&rsquo;agit de cr\u00e9er des leporellos avec des coll\u00e8gues et des films muets sur les visites, qui seront mis en musique par des amis musiciens. L&rsquo;objectif de ce travail de six mois est de cr\u00e9er un journal de bord accessible de mani\u00e8re discursive, compos\u00e9 de dessins, d&rsquo;objets en terre cuite et de linogravures, que l&rsquo;on pourra \u00e9galement parcourir virtuellement. Un hymne au travail en atelier. Voir aussi <a href=\"http:\/\/resilienz80337-nelestroebel.de\/\">http:\/\/resilienz80337-nelestroebel.de\/.<\/a> Le projet a \u00e9t\u00e9 approuv\u00e9 en 2022 et j&rsquo;ai invit\u00e9 les artistes suivants \u00e0 l&rsquo;atelier pour travailler ensemble sur un leporello, ou je leur ai rendu visite dans leur atelier :        <\/p>\n<p>Par ordre alphab\u00e9tique : Claudia Busching, Yoko Hata \/ GUP-py, Berlin. Birgit Luxenburger, Francfort, Katja von Puttkamer, Ingelheim am Rhein. Eva Raiser-Johanson, Sybille Rath, Munich. Katrin Str\u00f6bel, Stuttgart, Marseille, Rabat. Nele Str\u00f6bel, Berlin, Munich. Pomona Zipser, Berlin. Le travail collectif a commenc\u00e9 en partie avec des leporellos pr\u00e9par\u00e9s et trait\u00e9s par mes soins, en partie sur des feuilles vierges pli\u00e9es de diff\u00e9rents papiers sur format A4 paysage. Nous avons dessin\u00e9, aquarell\u00e9, imprim\u00e9 (linogravure, pochoir, tampon), encr\u00e9, d\u00e9vers\u00e9, cousu, coll\u00e9 et d\u00e9coup\u00e9. Chaque fois, nous avons d\u00e9velopp\u00e9 notre propre espace narratif, notre propre histoire. Nous avons travaill\u00e9 en silence ou en toute libert\u00e9. Il y avait beaucoup de choses \u00e0 ressentir et \u00e0 vivre apr\u00e8s le shutdown.          <\/p>\n<p>Le travail a \u00e9t\u00e9 document\u00e9 par deux cam\u00e9ras sur tr\u00e9pied. A partir de ce mat\u00e9riel, j&rsquo;ai mont\u00e9 un film pour chaque artiste. L&rsquo;orchestration en direct par le duo Brand Rupp est pr\u00e9vue mais n&rsquo;est toujours pas financ\u00e9e. J&rsquo;esp\u00e8re pouvoir r\u00e9aliser un jour une soir\u00e9e de films avec de la musique en direct, associ\u00e9e \u00e0 une exposition de leporellos analogiques. L&rsquo;\u00e9v\u00e9nement discursif Leporello-storys au THIRD PLACE de l&rsquo;universit\u00e9 DIE ANGEWANDTE \u00e0 Vienne a \u00e9t\u00e9 un bon d\u00e9but. J&rsquo;attends maintenant avec impatience le format BUCHSALON de la KUNSTBIBLIOTHEK de Berlin, qui aura lieu le 9 septembre de cette ann\u00e9e. Le projet de leporello continuera \u00e0 m&rsquo;accompagner. Quelques rouleaux de papier de 7 m\u00e8tres de long ont d\u00e9j\u00e0 \u00e9t\u00e9 d\u00e9coup\u00e9s \u00e0 la scie circulaire et attendent d&rsquo;\u00eatre pli\u00e9s. C&rsquo;est un excellent nouveau d\u00e9part.        <\/p>\n                        <\/div>\n                    <\/div>\n                                \n            <\/div>\n                    <\/div>\n    <\/div>\t\t\t\t<\/div>\n\t\t\t\t<\/div>\n\t\t\t\t\t<\/div>\n\t\t<\/div>\n\t\t\t\t\t<\/div>\n\t\t<\/section>\n\t\t\t\t<\/div>\n\t\t","protected":false},"excerpt":{"rendered":"<p>Images Texte Pr\u00e9sentation de leporello communautaire Nomad II de Nele Str\u00f6bel avec : Claudia Busching, Yoko Hata \/ GUP-py, Birgit Luxenburger, Katja von Puttkamer, Eva Raiser-Johanson, Sybille Rath, Katrin Str\u00f6bel, Nele Str\u00f6bel, Pomona Zipser Dans le cadre de KULTOUR 2025 &#8211; Sa. 11.10 (15:00 \u00e0 21:00) &#8211; dim. 12.10 (13:00 \u00e0 19:00) dans l&#8217;atelier Holsteinische [&hellip;]<\/p>\n","protected":false},"author":3,"featured_media":19681,"comment_status":"closed","ping_status":"closed","sticky":false,"template":"","format":"standard","meta":{"ngg_post_thumbnail":0,"footnotes":""},"categories":[212,211,215,221,213,214],"tags":[],"class_list":["post-19675","post","type-post","status-publish","format-standard","has-post-thumbnail","hentry","category-art_projects-fr","category-artshows-and-spaces-fr","category-films-fr","category-livres-et-leporellos","category-news-fr","category-paperworks-linolprints-fr"],"_links":{"self":[{"href":"https:\/\/nele-stroebel.de\/fr\/wp-json\/wp\/v2\/posts\/19675","targetHints":{"allow":["GET"]}}],"collection":[{"href":"https:\/\/nele-stroebel.de\/fr\/wp-json\/wp\/v2\/posts"}],"about":[{"href":"https:\/\/nele-stroebel.de\/fr\/wp-json\/wp\/v2\/types\/post"}],"author":[{"embeddable":true,"href":"https:\/\/nele-stroebel.de\/fr\/wp-json\/wp\/v2\/users\/3"}],"replies":[{"embeddable":true,"href":"https:\/\/nele-stroebel.de\/fr\/wp-json\/wp\/v2\/comments?post=19675"}],"version-history":[{"count":5,"href":"https:\/\/nele-stroebel.de\/fr\/wp-json\/wp\/v2\/posts\/19675\/revisions"}],"predecessor-version":[{"id":20391,"href":"https:\/\/nele-stroebel.de\/fr\/wp-json\/wp\/v2\/posts\/19675\/revisions\/20391"}],"wp:featuredmedia":[{"embeddable":true,"href":"https:\/\/nele-stroebel.de\/fr\/wp-json\/wp\/v2\/media\/19681"}],"wp:attachment":[{"href":"https:\/\/nele-stroebel.de\/fr\/wp-json\/wp\/v2\/media?parent=19675"}],"wp:term":[{"taxonomy":"category","embeddable":true,"href":"https:\/\/nele-stroebel.de\/fr\/wp-json\/wp\/v2\/categories?post=19675"},{"taxonomy":"post_tag","embeddable":true,"href":"https:\/\/nele-stroebel.de\/fr\/wp-json\/wp\/v2\/tags?post=19675"}],"curies":[{"name":"wp","href":"https:\/\/api.w.org\/{rel}","templated":true}]}}