{"id":16548,"date":"2003-02-01T00:00:00","date_gmt":"2003-01-31T23:00:00","guid":{"rendered":"https:\/\/nele-stroebel.de\/vague-flottante-oeb-vienne\/"},"modified":"2023-08-09T23:42:06","modified_gmt":"2023-08-09T21:42:06","slug":"vague-flottante-oeb-vienne","status":"publish","type":"post","link":"https:\/\/nele-stroebel.de\/fr\/vague-flottante-oeb-vienne\/","title":{"rendered":"vague flottante OEB Vienne"},"content":{"rendered":"\t\t<div data-elementor-type=\"wp-post\" data-elementor-id=\"16548\" class=\"elementor elementor-16548 elementor-9671\">\n\t\t\t\t\t\t<section class=\"elementor-section elementor-top-section elementor-element elementor-element-156ac16a elementor-section-boxed elementor-section-height-default elementor-section-height-default\" data-id=\"156ac16a\" data-element_type=\"section\" data-e-type=\"section\">\n\t\t\t\t\t\t<div class=\"elementor-container elementor-column-gap-default\">\n\t\t\t\t\t<div class=\"elementor-column elementor-col-100 elementor-top-column elementor-element elementor-element-4106d1bf\" data-id=\"4106d1bf\" data-element_type=\"column\" data-e-type=\"column\">\n\t\t\t<div class=\"elementor-widget-wrap elementor-element-populated\">\n\t\t\t\t\t\t<div class=\"elementor-element elementor-element-09ffa0b elementor-widget elementor-widget-elementskit-simple-tab\" data-id=\"09ffa0b\" data-element_type=\"widget\" data-e-type=\"widget\" data-widget_type=\"elementskit-simple-tab.default\">\n\t\t\t\t<div class=\"elementor-widget-container\">\n\t\t\t\t\t<div class=\"ekit-wid-con\" >        <div class=\"elementkit-tab-wraper   elementskit-fitcontent-tab \">\n            <ul class=\"nav nav-tabs elementkit-tab-nav \">\n                                    <li class=\"elementkit-nav-item elementor-repeater-item-eef0334\">\n                        <a class=\"elementkit-nav-link  active show left-pos\" id=\"content-eef033469ef333fd6180-tab\" data-ekit-handler-id=\"info\" data-ekit-toggle=\"tab\" data-target=\"#content-eef033469ef333fd6180\" href=\"#Content-eef033469ef333fd6180\"\n                            data-ekit-toggle-trigger=\"click\"\n                            aria-describedby=\"Content-eef033469ef333fd6180\">\n                            <span class=\"icon icon-earth elementskit-tab-icon\"><\/span>                            <span class=\"elementskit-tab-title\">Info<\/span>\n                        <\/a>\n                    <\/li>\n                                        <li class=\"elementkit-nav-item elementor-repeater-item-e54d3c7\">\n                        <a class=\"elementkit-nav-link  left-pos\" id=\"content-e54d3c769ef333fd6180-tab\" data-ekit-handler-id=\"images\" data-ekit-toggle=\"tab\" data-target=\"#content-e54d3c769ef333fd6180\" href=\"#Content-e54d3c769ef333fd6180\"\n                            data-ekit-toggle-trigger=\"click\"\n                            aria-describedby=\"Content-e54d3c769ef333fd6180\">\n                            <span class=\"icon icon-earth elementskit-tab-icon\"><\/span>                            <span class=\"elementskit-tab-title\">Images<\/span>\n                        <\/a>\n                    <\/li>\n                                        <li class=\"elementkit-nav-item elementor-repeater-item-895e3ca\">\n                        <a class=\"elementkit-nav-link  left-pos\" id=\"content-895e3ca69ef333fd6180-tab\" data-ekit-handler-id=\"film\" data-ekit-toggle=\"tab\" data-target=\"#content-895e3ca69ef333fd6180\" href=\"#Content-895e3ca69ef333fd6180\"\n                            data-ekit-toggle-trigger=\"click\"\n                            aria-describedby=\"Content-895e3ca69ef333fd6180\">\n                            <span class=\"icon icon-earth elementskit-tab-icon\"><\/span>                            <span class=\"elementskit-tab-title\">Film<\/span>\n                        <\/a>\n                    <\/li>\n                                <\/ul>\n\n            <div class=\"tab-content elementkit-tab-content\">\n                                    <div class=\"tab-pane elementkit-tab-pane elementor-repeater-item-eef0334  active show\" id=\"content-eef033469ef333fd6180\" role=\"tabpanel\"\n                         aria-labelledby=\"content-eef033469ef333fd6180-tab\">\n                        <div class=\"animated fadeIn\">\n                            ngg_shortcode_0_placeholder\n<p>Nele Str\u00f6bel flottierende welle dans le jardin du PO Wien Belvederepark a \u00e9t\u00e9 restaur\u00e9 en 2019 et brille d&rsquo;un nouvel \u00e9clat :<\/p>\n<table border=\"0\" width=\"760\" cellspacing=\"10\" cellpadding=\"5\" align=\"center\">\n<tbody>\n<tr>\n<td valign=\"top\"> <\/td>\n<td valign=\"top\">\n<h2 class=\"projekt\">vague flottante* 2001<\/h2>\n<p>La sculpture en terre cuite \u00ab\u00a0Flottierende Welle\u00a0\u00bb (vague flottante) a \u00e9t\u00e9 cr\u00e9\u00e9e en 2001 pour l&rsquo;exposition \u00ab\u00a0ceramics &#8211; Form und Phantastik in der Europ\u00e4ischen Bildhauerkunst\u00a0\u00bb (c\u00e9ramique &#8211; forme et fantaisie dans la sculpture europ\u00e9enne) organis\u00e9e par l&rsquo;Office europ\u00e9en des brevets et le service culturel de Munich. Elle a maintenant trouv\u00e9 sa place d\u00e9finitive dans le jardin de l&rsquo;Office europ\u00e9en des brevets \u00e0 Vienne.<br \/>Les 32 modules de cette \u0153uvre de neuf m\u00e8tres carr\u00e9s sont des quarts de segment de plaques de c\u00e9ramique non \u00e9maill\u00e9es \u00e0 picots convexes et ronds et \u00e0 picots concaves et carr\u00e9s. Leur disposition rythmique cr\u00e9e une \u00ab\u00a0vague flottante\u00a0\u00bb de couleur sable qui semble flotter au-dessus du sol dans un mouvement fig\u00e9.<\/p>\n<p class=\"kl1\">*\u00a0\u00bbflottant\u00a0\u00bb car le son semble s&rsquo;\u00eatre fig\u00e9 dans un mouvement. Il s&rsquo;\u00e9tend horizontalement ou verticalement, comme s&rsquo;il \u00e9tait toujours modelable, mobile. Ainsi, \u00ab\u00a0flottant\u00a0\u00bb incarne l&rsquo;\u00e9tat avant et pendant la cr\u00e9ation d&rsquo;une sculpture en argile.<\/p>\n<\/td>\n<\/tr>\n<\/tbody>\n<\/table>\n                        <\/div>\n                    <\/div>\n                                    <div class=\"tab-pane elementkit-tab-pane elementor-repeater-item-e54d3c7 \" id=\"content-e54d3c769ef333fd6180\" role=\"tabpanel\"\n                         aria-labelledby=\"content-e54d3c769ef333fd6180-tab\">\n                        <div class=\"animated fadeIn\">\n                            ngg_shortcode_1_placeholder\n                        <\/div>\n                    <\/div>\n                                    <div class=\"tab-pane elementkit-tab-pane elementor-repeater-item-895e3ca \" id=\"content-895e3ca69ef333fd6180\" role=\"tabpanel\"\n                         aria-labelledby=\"content-895e3ca69ef333fd6180-tab\">\n                        <div class=\"animated fadeIn\">\n                            <p><iframe width=\"560\" height=\"640\" src=\"\/\/www.dorftv.at\/embed\/35186\" frameborder=\"0\" allowfullscreen=\"\"><\/iframe><\/p>\n                        <\/div>\n                    <\/div>\n                                \n            <\/div>\n                    <\/div>\n    <\/div>\t\t\t\t<\/div>\n\t\t\t\t<\/div>\n\t\t\t\t\t<\/div>\n\t\t<\/div>\n\t\t\t\t\t<\/div>\n\t\t<\/section>\n\t\t\t\t<\/div>\n\t\t","protected":false},"excerpt":{"rendered":"<p>Info Images Film Nele Str\u00f6bel flottierende welle dans le jardin du PO Wien Belvederepark a \u00e9t\u00e9 restaur\u00e9 en 2019 et brille d&#8217;un nouvel \u00e9clat : vague flottante* 2001 La sculpture en terre cuite &#8222;Flottierende Welle&#8220; (vague flottante) a \u00e9t\u00e9 cr\u00e9\u00e9e en 2001 pour l&#8217;exposition &#8222;ceramics &#8211; Form und Phantastik in der Europ\u00e4ischen Bildhauerkunst&#8220; (c\u00e9ramique &#8211; [&hellip;]<\/p>\n","protected":false},"author":1,"featured_media":15053,"comment_status":"closed","ping_status":"closed","sticky":false,"template":"","format":"standard","meta":{"ngg_post_thumbnail":0,"footnotes":""},"categories":[216,210,215],"tags":[],"class_list":["post-16548","post","type-post","status-publish","format-standard","has-post-thumbnail","hentry","category-art-and-nature-fr","category-art-et-architecture","category-films-fr"],"_links":{"self":[{"href":"https:\/\/nele-stroebel.de\/fr\/wp-json\/wp\/v2\/posts\/16548","targetHints":{"allow":["GET"]}}],"collection":[{"href":"https:\/\/nele-stroebel.de\/fr\/wp-json\/wp\/v2\/posts"}],"about":[{"href":"https:\/\/nele-stroebel.de\/fr\/wp-json\/wp\/v2\/types\/post"}],"author":[{"embeddable":true,"href":"https:\/\/nele-stroebel.de\/fr\/wp-json\/wp\/v2\/users\/1"}],"replies":[{"embeddable":true,"href":"https:\/\/nele-stroebel.de\/fr\/wp-json\/wp\/v2\/comments?post=16548"}],"version-history":[{"count":7,"href":"https:\/\/nele-stroebel.de\/fr\/wp-json\/wp\/v2\/posts\/16548\/revisions"}],"predecessor-version":[{"id":16600,"href":"https:\/\/nele-stroebel.de\/fr\/wp-json\/wp\/v2\/posts\/16548\/revisions\/16600"}],"wp:featuredmedia":[{"embeddable":true,"href":"https:\/\/nele-stroebel.de\/fr\/wp-json\/wp\/v2\/media\/15053"}],"wp:attachment":[{"href":"https:\/\/nele-stroebel.de\/fr\/wp-json\/wp\/v2\/media?parent=16548"}],"wp:term":[{"taxonomy":"category","embeddable":true,"href":"https:\/\/nele-stroebel.de\/fr\/wp-json\/wp\/v2\/categories?post=16548"},{"taxonomy":"post_tag","embeddable":true,"href":"https:\/\/nele-stroebel.de\/fr\/wp-json\/wp\/v2\/tags?post=16548"}],"curies":[{"name":"wp","href":"https:\/\/api.w.org\/{rel}","templated":true}]}}